{"id":80,"date":"2016-11-02T21:53:42","date_gmt":"2016-11-02T20:53:42","guid":{"rendered":"http:\/\/test.fanprojekt-mainz.de\/?p=80"},"modified":"2023-02-08T12:45:12","modified_gmt":"2023-02-08T11:45:12","slug":"vorstand-beirat","status":"publish","type":"post","link":"http:\/\/www.fanprojekt-mainz.de\/?p=80","title":{"rendered":"Vorstand &#038; Beirat"},"content":{"rendered":"<p><strong>Vorstand des Fanprojektes<\/strong><br \/>\nVorsitzender:<br \/>\nChristian Viering<br \/>\nstellv. Vorsitzender:<br \/>\nDetlev H\u00f6hne<br \/>\nstellv. Vorsitzender:<br \/>\nDr. Udo Seyfarth<br \/>\nSchatzmeisterin:<br \/>\nCaroline Blume<br \/>\nSchriftf\u00fchrer:<br \/>\nFrank Vierheller<br \/>\nBeisitzer:<br \/>\nOlaf Jouaux<\/p>\n<p>Beisitzer:<br \/>\nStefan Hofmann<\/p>\n<p><strong>Beirat<\/strong><\/p>\n<p>Der Beirat ist formal ein Satzungsorgan<br \/>\ngem. \u00a7 12 der Satzung.<br \/>\n(1) Der Beirat soll den Vorstand und die p\u00e4dagogische Leitung bei der Behandlung sozialp\u00e4dagogischer sowie jugend- und sportpolitischer Fragen beraten und unterst\u00fctzen.<br \/>\n(2) Die Aufnahme in den Beirat k\u00f6nnen juristische und nat\u00fcrliche Personen beantragen, die den Vereinszweck unterst\u00fctzen.<br \/>\nDar\u00fcber hinaus kann der Vorstand nat\u00fcrliche Personen in den Beirat berufen.<br \/>\n(3) \u00dcber die Aufnahme in den Beirat entscheidet der Vorstand.<br \/>\n(4) Die Beiratsmitglieder haben das Recht, grunds\u00e4tzlich an Sitzungen der weiteren Vereinsorgane mit Beraterstimme teilzunehmen.<\/p>\n<p>Der Beirat ist wirtschaftlich unabdingbar, weil die finanzielle Ausstattung der Fanprojekte k\u00fcnftig st\u00e4rker davon abh\u00e4ngen wird, dass Beir\u00e4te installiert sind. Die Beiratsarbeit ist \u00f6ffentlichkeitswirksam, denn seine Mitglieder sind Multiplikatoren. Jede Beiratssitzung soll unter einem Schwerpunktthema stehen. Zwei j\u00e4hrliche Sitzungen f\u00fcr dieses Gremium werden angestrebt. Die inhaltlichen Vorgaben f\u00fcr die Arbeit des Beirats ergeben sich aus der Konzeption des Fanprojekts. Dort hei\u00dft es unter anderem: \u201eDas Fanprojekt arbeitet mit allen Institutionen zusammen, die im sozialen Feld Zuschauerfu\u00dfball auftreten und mit der Fanszene umgehen und\/oder vom \u201eFanproblem\u201c betroffen sind. Die Institutionen-Arbeit des Fanprojektes soll die Mitwirkung der Fans ermutigen und ihre selbstgestalteten Aktivit\u00e4ten einbinden.<br \/>\nDie Zielgruppen sind die einschl\u00e4gigen Institutionen im regionalen und \u00fcberregionalen<br \/>\nBezugsfeld:<br \/>\n\u2022 Sportvereine und -verb\u00e4nde<br \/>\n\u2022 Polizei, Ordnungsdienste, Justiz<br \/>\n\u2022 Einrichtungen der Jugend- und<br \/>\nSozialhilfe<br \/>\n\u2022 Schulen und Hochschulen<br \/>\nDie bereits bestehenden guten Kontakte zu Institutionen, Beh\u00f6rden und Medien werden weiter ausgebaut. Ein regelm\u00e4\u00dfiger Informations- und Erfahrungsaustausch auch au\u00dferhalb der t\u00e4glichen Arbeitsbeziehungen er\u00f6ffnet zus\u00e4tzliche Chancen den jugendlichen Fu\u00dfballfans bei Probleml\u00f6sungen und Konfliktberatungen beizustehen. Um auch weiterhin die guten Kontakte in die Fanszene zu halten, ist es wichtig, Vertreter der unterschiedlichsten Fangruppierungen (z.B. Ultras,Supporters) in die Arbeit des Beirates einzubeziehen.<br \/>\nDie personelle Besetzung des Beirats sollte m\u00f6glichst personenidentisch mit den M\u00e4nnern und Frauen sein, die aufgrund von Arbeitsbeziehungen Kontaktpersonen f\u00fcr die Mitarbeiterinnen und Mitarbeiter des Fanprojektes sind bzw. sein werden.<\/p>\n<p>Institutionen im Beirat des Fanprojekt Mainz e.V.:<br \/>\n\u2022 KOS Fanprojekte<br \/>\n\u2022 Deutsche Fu\u00dfball Liga<br \/>\n\u2022 S\u00fcdwestdeutscher Fu\u00dfballverband<br \/>\n\u2022 Ministerium f\u00fcr Integration, Familie, Kinder, Jugend und Frauen<br \/>\n\u2022 1.FSV Mainz 05<br \/>\n\u2022 Agentur f\u00fcr Arbeit Mainz<img loading=\"lazy\" decoding=\"async\" class=\" wp-image-247 alignright\" src=\"http:\/\/test.fanprojekt-mainz.de\/wp-content\/uploads\/2017\/03\/DSC02471-300x225.jpg\" alt=\"FP Beirat\" width=\"490\" height=\"367\" srcset=\"http:\/\/www.fanprojekt-mainz.de\/wp-content\/uploads\/2017\/03\/DSC02471-300x225.jpg 300w, http:\/\/www.fanprojekt-mainz.de\/wp-content\/uploads\/2017\/03\/DSC02471-768x576.jpg 768w, http:\/\/www.fanprojekt-mainz.de\/wp-content\/uploads\/2017\/03\/DSC02471-1024x768.jpg 1024w\" sizes=\"auto, (max-width: 490px) 100vw, 490px\" \/><br \/>\n\u2022 Ministerium des Innern, f\u00fcr Sport und Infrastruktur<br \/>\n\u2022 Landesjugendamt \u2013 Kompetenznetzwerk \u201eDemokratie leben\u201c<br \/>\n\u2022 Stadt Mainz<br \/>\n\u2022 Johannes Gutenberg-Universit\u00e4t Mainz<br \/>\n\u2022 Katholische Hochschule Mainz<br \/>\n\u2022 Ultraszene Mainz<br \/>\n\u2022 Supporters Mainz<br \/>\n\u2022 Freunde und F\u00f6rderer des Fanprojekt Mainz e.V.<br \/>\n\u2022 Allgemeine Zeitung Mainz<br \/>\n\u2022 Polizeidirektion Mainz<br \/>\n\u2022 Bundespolizeirevier Mainz<br \/>\n\u2022 DGB Region Rheinhessen-Nahe<br \/>\n\u2022 Amtsgericht Mainz<br \/>\n\u2022 KISS Mainz (Kontakt- und Informationsstelle f\u00fcr Selbsthilfe)<\/p>\n","protected":false},"excerpt":{"rendered":"<p>Vorstand des Fanprojektes Vorsitzender: Christian Viering stellv. Vorsitzender: Detlev H\u00f6hne stellv. Vorsitzender: Dr. Udo Seyfarth Schatzmeisterin: Caroline Blume Schriftf\u00fchrer: Frank Vierheller Beisitzer: Olaf Jouaux Beisitzer: Stefan Hofmann Beirat Der Beirat ist formal ein Satzungsorgan gem. \u00a7 12 der Satzung. (1) Der Beirat soll den Vorstand und die p\u00e4dagogische Leitung bei der Behandlung sozialp\u00e4dagogischer sowie jugend- und sportpolitischer Fragen beraten und unterst\u00fctzen. (2) Die Aufnahme in den Beirat k\u00f6nnen juristische und nat\u00fcrliche Personen beantragen, die den Vereinszweck unterst\u00fctzen. Dar\u00fcber hinaus kann der Vorstand nat\u00fcrliche Personen in den Beirat berufen. (3) \u00dcber die Aufnahme in den Beirat entscheidet der Vorstand. (4) Die&#8230; <\/p>\n","protected":false},"author":1,"featured_media":77,"comment_status":"closed","ping_status":"closed","sticky":false,"template":"","format":"standard","meta":{"footnotes":""},"categories":[1],"tags":[],"class_list":["post-80","post","type-post","status-publish","format-standard","has-post-thumbnail","hentry","category-allgemein"],"_links":{"self":[{"href":"http:\/\/www.fanprojekt-mainz.de\/index.php?rest_route=\/wp\/v2\/posts\/80","targetHints":{"allow":["GET"]}}],"collection":[{"href":"http:\/\/www.fanprojekt-mainz.de\/index.php?rest_route=\/wp\/v2\/posts"}],"about":[{"href":"http:\/\/www.fanprojekt-mainz.de\/index.php?rest_route=\/wp\/v2\/types\/post"}],"author":[{"embeddable":true,"href":"http:\/\/www.fanprojekt-mainz.de\/index.php?rest_route=\/wp\/v2\/users\/1"}],"replies":[{"embeddable":true,"href":"http:\/\/www.fanprojekt-mainz.de\/index.php?rest_route=%2Fwp%2Fv2%2Fcomments&post=80"}],"version-history":[{"count":18,"href":"http:\/\/www.fanprojekt-mainz.de\/index.php?rest_route=\/wp\/v2\/posts\/80\/revisions"}],"predecessor-version":[{"id":645,"href":"http:\/\/www.fanprojekt-mainz.de\/index.php?rest_route=\/wp\/v2\/posts\/80\/revisions\/645"}],"wp:featuredmedia":[{"embeddable":true,"href":"http:\/\/www.fanprojekt-mainz.de\/index.php?rest_route=\/wp\/v2\/media\/77"}],"wp:attachment":[{"href":"http:\/\/www.fanprojekt-mainz.de\/index.php?rest_route=%2Fwp%2Fv2%2Fmedia&parent=80"}],"wp:term":[{"taxonomy":"category","embeddable":true,"href":"http:\/\/www.fanprojekt-mainz.de\/index.php?rest_route=%2Fwp%2Fv2%2Fcategories&post=80"},{"taxonomy":"post_tag","embeddable":true,"href":"http:\/\/www.fanprojekt-mainz.de\/index.php?rest_route=%2Fwp%2Fv2%2Ftags&post=80"}],"curies":[{"name":"wp","href":"https:\/\/api.w.org\/{rel}","templated":true}]}}